{"id":1901,"date":"2022-03-28T10:19:59","date_gmt":"2022-03-28T10:19:59","guid":{"rendered":"https:\/\/eeefc.eu\/?p=1901"},"modified":"2022-03-28T19:45:30","modified_gmt":"2022-03-28T19:45:30","slug":"coup-denvoi","status":"publish","type":"post","link":"https:\/\/eeefc.eu\/fr\/2022\/03\/28\/coup-denvoi\/","title":{"rendered":"Coup d'envoi"},"content":{"rendered":"<p>Le 8 mars 2022, le coup d'envoi du projet EEEFCom a \u00e9t\u00e9 donn\u00e9 \u00e0 l'universit\u00e9 de Dublin. Pour la premi\u00e8re fois, nous avons pu nous voir en personne. C'\u00e9tait tr\u00e8s agr\u00e9able de le faire en dehors de l'\u00e9cran des r\u00e9unions virtuelles.<br \/>\nTout au long de la journ\u00e9e, nous partageons les \u00e9tapes du projet, \u00e9changeons nos points de vue. Et apporter de nouvelles possibilit\u00e9s.<br \/>\nL'apr\u00e8s-midi, nous avons particip\u00e9 \u00e0 des exercices de groupe. Une fois le travail termin\u00e9, un magnifique arc-en-ciel nous a impressionn\u00e9s. Quelqu'un a dit que c'\u00e9tait un bon pr\u00e9sage pour le d\u00e9but du projet.<br \/>\nLe soir, nous avons tous eu droit \u00e0 un d\u00e9licieux d\u00eener pr\u00e9par\u00e9 par l'universit\u00e9.<\/p>\n<figure id=\"attachment_1898\" aria-describedby=\"caption-attachment-1898\" style=\"width: 800px\" class=\"wp-caption aligncenter\"><img loading=\"lazy\" decoding=\"async\" class=\"wp-image-1898 size-full\" src=\"https:\/\/eeefc.eu\/wp-content\/uploads\/2022\/03\/KickOff_04.png\" alt=\"\" width=\"800\" height=\"500\" srcset=\"https:\/\/eeefc.eu\/wp-content\/uploads\/2022\/03\/KickOff_04.png 800w, https:\/\/eeefc.eu\/wp-content\/uploads\/2022\/03\/KickOff_04-300x188.png 300w, https:\/\/eeefc.eu\/wp-content\/uploads\/2022\/03\/KickOff_04-768x480.png 768w, https:\/\/eeefc.eu\/wp-content\/uploads\/2022\/03\/KickOff_04-600x375.png 600w\" sizes=\"auto, (max-width: 800px) 100vw, 800px\" \/><figcaption id=\"caption-attachment-1898\" class=\"wp-caption-text\">S\u00e9ance du matin<\/figcaption><\/figure>\n<figure id=\"attachment_1897\" aria-describedby=\"caption-attachment-1897\" style=\"width: 800px\" class=\"wp-caption aligncenter\"><img loading=\"lazy\" decoding=\"async\" class=\"wp-image-1897 size-full\" src=\"https:\/\/eeefc.eu\/wp-content\/uploads\/2022\/03\/KickOff_03.png\" alt=\"\" width=\"800\" height=\"500\" srcset=\"https:\/\/eeefc.eu\/wp-content\/uploads\/2022\/03\/KickOff_03.png 800w, https:\/\/eeefc.eu\/wp-content\/uploads\/2022\/03\/KickOff_03-300x188.png 300w, https:\/\/eeefc.eu\/wp-content\/uploads\/2022\/03\/KickOff_03-768x480.png 768w, https:\/\/eeefc.eu\/wp-content\/uploads\/2022\/03\/KickOff_03-600x375.png 600w\" sizes=\"auto, (max-width: 800px) 100vw, 800px\" \/><figcaption id=\"caption-attachment-1897\" class=\"wp-caption-text\">Exercices de travail en commun<\/figcaption><\/figure>\n<figure id=\"attachment_1908\" aria-describedby=\"caption-attachment-1908\" style=\"width: 800px\" class=\"wp-caption aligncenter\"><img loading=\"lazy\" decoding=\"async\" class=\"wp-image-1908 size-full\" src=\"https:\/\/eeefc.eu\/wp-content\/uploads\/2022\/03\/KickOff_06H.png\" alt=\"\" width=\"800\" height=\"500\" srcset=\"https:\/\/eeefc.eu\/wp-content\/uploads\/2022\/03\/KickOff_06H.png 800w, https:\/\/eeefc.eu\/wp-content\/uploads\/2022\/03\/KickOff_06H-300x188.png 300w, https:\/\/eeefc.eu\/wp-content\/uploads\/2022\/03\/KickOff_06H-768x480.png 768w, https:\/\/eeefc.eu\/wp-content\/uploads\/2022\/03\/KickOff_06H-600x375.png 600w\" sizes=\"auto, (max-width: 800px) 100vw, 800px\" \/><figcaption id=\"caption-attachment-1908\" class=\"wp-caption-text\">L'arc-en-ciel est avec nous<\/figcaption><\/figure>\n<figure id=\"attachment_1912\" aria-describedby=\"caption-attachment-1912\" style=\"width: 800px\" class=\"wp-caption aligncenter\"><img loading=\"lazy\" decoding=\"async\" class=\"wp-image-1912 size-full\" src=\"https:\/\/eeefc.eu\/wp-content\/uploads\/2022\/03\/KickOff_01.png\" alt=\"\" width=\"800\" height=\"500\" \/><figcaption id=\"caption-attachment-1912\" class=\"wp-caption-text\">Tout le groupe profite du d\u00eener<\/figcaption><\/figure>","protected":false},"excerpt":{"rendered":"<p>Le 8 mars 2022, le coup d'envoi du projet EEEFCom a eu lieu \u00e0 la Dublin City University.<\/p>","protected":false},"author":1,"featured_media":1968,"comment_status":"closed","ping_status":"closed","sticky":false,"template":"","format":"standard","meta":{"om_disable_all_campaigns":false,"_monsterinsights_skip_tracking":false,"_monsterinsights_sitenote_active":false,"_monsterinsights_sitenote_note":"","_monsterinsights_sitenote_category":0,"footnotes":""},"categories":[33,32,1],"tags":[],"class_list":["post-1901","post","type-post","status-publish","format-standard","has-post-thumbnail","hentry","category-front-news","category-news","category-post"],"aioseo_notices":[],"_links":{"self":[{"href":"https:\/\/eeefc.eu\/fr\/wp-json\/wp\/v2\/posts\/1901","targetHints":{"allow":["GET"]}}],"collection":[{"href":"https:\/\/eeefc.eu\/fr\/wp-json\/wp\/v2\/posts"}],"about":[{"href":"https:\/\/eeefc.eu\/fr\/wp-json\/wp\/v2\/types\/post"}],"author":[{"embeddable":true,"href":"https:\/\/eeefc.eu\/fr\/wp-json\/wp\/v2\/users\/1"}],"replies":[{"embeddable":true,"href":"https:\/\/eeefc.eu\/fr\/wp-json\/wp\/v2\/comments?post=1901"}],"version-history":[{"count":11,"href":"https:\/\/eeefc.eu\/fr\/wp-json\/wp\/v2\/posts\/1901\/revisions"}],"predecessor-version":[{"id":1985,"href":"https:\/\/eeefc.eu\/fr\/wp-json\/wp\/v2\/posts\/1901\/revisions\/1985"}],"wp:featuredmedia":[{"embeddable":true,"href":"https:\/\/eeefc.eu\/fr\/wp-json\/wp\/v2\/media\/1968"}],"wp:attachment":[{"href":"https:\/\/eeefc.eu\/fr\/wp-json\/wp\/v2\/media?parent=1901"}],"wp:term":[{"taxonomy":"category","embeddable":true,"href":"https:\/\/eeefc.eu\/fr\/wp-json\/wp\/v2\/categories?post=1901"},{"taxonomy":"post_tag","embeddable":true,"href":"https:\/\/eeefc.eu\/fr\/wp-json\/wp\/v2\/tags?post=1901"}],"curies":[{"name":"wp","href":"https:\/\/api.w.org\/{rel}","templated":true}]}}