{"id":2244,"date":"2024-06-11T15:40:59","date_gmt":"2024-06-11T13:40:59","guid":{"rendered":"https:\/\/eeefc.eu\/?p=2244"},"modified":"2024-06-19T21:02:05","modified_gmt":"2024-06-19T19:02:05","slug":"seminario-web-eeefcom","status":"publish","type":"post","link":"https:\/\/eeefc.eu\/es\/2024\/06\/11\/seminario-web-eeefcom\/","title":{"rendered":"Webinario EEEFCom II: Presentaci\u00f3n del kit de herramientas educativas"},"content":{"rendered":"<p>&nbsp;<\/p>\n<p>Estimados colegas y amigos<\/p>\n<p>Acomp\u00e1\u00f1enos en otro acto informativo en l\u00ednea sobre <b>JUIN 27<sup>th<\/sup> de 12h - 13h30 (CET, UTC+01.00)<\/b>\u00a0 \u00a1en Zoom!<\/p>\n<p>Dado que es de crucial importancia que las personas con experiencia vivida (Expertos por Experiencia, Usuarios de Servicios) desempe\u00f1en un papel en el desarrollo y la producci\u00f3n de servicios sociales y sanitarios y que se refuercen su capacidad y posibilidades de participaci\u00f3n, su educaci\u00f3n deber\u00eda planificarse y llevarse a cabo bas\u00e1ndose realmente en las necesidades de los participantes. Esto deber\u00eda estar en la base de las ideas de orientaci\u00f3n hacia la recuperaci\u00f3n.<\/p>\n<p>Esta es la idea del proyecto \"Incorporaci\u00f3n de un marco educativo emancipador en las comunidades para personas marginadas y excluidas por problemas de salud mental y\/o abuso de sustancias\".<\/p>\n<p>Tras el primer seminario web del 30 de mayo<sup>th<\/sup>2024, cuando se presentaron los primeros datos y resultados de la evaluaci\u00f3n del proyecto Erasmus+ llevado a cabo por socios irlandeses, finlandeses, franceses y escoceses, le invitamos a unirse de nuevo a nosotros en <b>27 de junio<sup>th<\/sup> de 12h - 13h30<\/b> <b>CET<\/b> (compruebe su huso horario) para la presentaci\u00f3n del <b>Herramientas educativas<\/b> dirigido por la Recovery Academy Ireland sobre c\u00f3mo llevar a cabo el programa educativo del proyecto EEEFCom.<\/p>\n<p>Entrada gratuita, inscripci\u00f3n obligatoria.<\/p>\n<p>Date: <b>27 de junio de 2024<\/b><\/p>\n<p>La hora: \u00a0\u00a0 <b>11.00 - 12.30 h<\/b> (Hora de Irlanda y Escocia)<\/p>\n<p>12.00 - 13.30 (hora francesa)<\/p>\n<p>13.00 - 14.30 (hora finlandesa)<\/p>\n<p>Idioma: Ingl\u00e9s (Soluciones de traducci\u00f3n disponibles para los participantes franceses)<\/p>\n<p>Puntos destacados del orden del d\u00eda:<\/p>\n<p>- Presentaci\u00f3n del proyecto por Chaque Jour Compte<\/p>\n<p>- Presentaci\u00f3n de socios<\/p>\n<p>- Presentaci\u00f3n del kit de herramientas educativas por Recovery Academy Ireland<\/p>\n<p>- Sesi\u00f3n de preguntas y respuestas<\/p>\n<p>- Conclusi\u00f3n y clausura del acto<\/p>\n<p>Para m\u00e1s informaci\u00f3n, p\u00f3ngase en contacto con <a href=\"mailto:chaquejourcompte13@gmail.com\" target=\"_blank\" rel=\"noopener\">chaquejourcompte13@gmail.com<\/a><\/p>\n<p>Para inscribirse, env\u00ede un correo electr\u00f3nico a <a href=\"mailto:chaquejourcompte13@gmail.com\" target=\"_blank\" rel=\"noopener\">chaquejourcompte13@gmail.com<\/a> con el asunto \"EEEFCOM WEBINAR II\". Puede incluir varios nombres en un mismo correo electr\u00f3nico, pero le rogamos que escriba los nombres y direcciones de correo electr\u00f3nico de todos los participantes.<\/p>\n<p>Esperamos su participaci\u00f3n. Proporcionaremos traducci\u00f3n en l\u00ednea al franc\u00e9s.<\/p>\n<p>En nombre del equipo del proyecto \"Incorporaci\u00f3n de un marco educativo emancipador en las comunidades para personas marginadas y excluidas por problemas de salud mental y\/o abuso de sustancias\".<\/p>\n<p>Sabine Dick y Bernard Bikai<\/p>\n<p>Chaque Jour Compte (CJC), Francia<\/p>\n<p>&nbsp;<\/p>\n<p>S\u00edguenos:<\/p>\n<p><a href=\"https:\/\/www.facebook.com\/profile.php?id=100091556272946\">Facebook<\/a><\/p>\n<p>&nbsp;<\/p>\n<p>&nbsp;<\/p>","protected":false},"excerpt":{"rendered":"<p>&nbsp; Estimados colegas y amigos, Por favor, \u00fananse a nosotros para otro evento informativo en l\u00ednea el 27 de JUIN de 12h - 13h30 [...].<\/p>","protected":false},"author":1,"featured_media":2272,"comment_status":"closed","ping_status":"closed","sticky":false,"template":"","format":"standard","meta":{"om_disable_all_campaigns":false,"_monsterinsights_skip_tracking":false,"_monsterinsights_sitenote_active":false,"_monsterinsights_sitenote_note":"","_monsterinsights_sitenote_category":0,"footnotes":""},"categories":[33,32],"tags":[],"class_list":["post-2244","post","type-post","status-publish","format-standard","has-post-thumbnail","hentry","category-front-news","category-news"],"aioseo_notices":[],"_links":{"self":[{"href":"https:\/\/eeefc.eu\/es\/wp-json\/wp\/v2\/posts\/2244","targetHints":{"allow":["GET"]}}],"collection":[{"href":"https:\/\/eeefc.eu\/es\/wp-json\/wp\/v2\/posts"}],"about":[{"href":"https:\/\/eeefc.eu\/es\/wp-json\/wp\/v2\/types\/post"}],"author":[{"embeddable":true,"href":"https:\/\/eeefc.eu\/es\/wp-json\/wp\/v2\/users\/1"}],"replies":[{"embeddable":true,"href":"https:\/\/eeefc.eu\/es\/wp-json\/wp\/v2\/comments?post=2244"}],"version-history":[{"count":7,"href":"https:\/\/eeefc.eu\/es\/wp-json\/wp\/v2\/posts\/2244\/revisions"}],"predecessor-version":[{"id":2271,"href":"https:\/\/eeefc.eu\/es\/wp-json\/wp\/v2\/posts\/2244\/revisions\/2271"}],"wp:featuredmedia":[{"embeddable":true,"href":"https:\/\/eeefc.eu\/es\/wp-json\/wp\/v2\/media\/2272"}],"wp:attachment":[{"href":"https:\/\/eeefc.eu\/es\/wp-json\/wp\/v2\/media?parent=2244"}],"wp:term":[{"taxonomy":"category","embeddable":true,"href":"https:\/\/eeefc.eu\/es\/wp-json\/wp\/v2\/categories?post=2244"},{"taxonomy":"post_tag","embeddable":true,"href":"https:\/\/eeefc.eu\/es\/wp-json\/wp\/v2\/tags?post=2244"}],"curies":[{"name":"wp","href":"https:\/\/api.w.org\/{rel}","templated":true}]}}